{"id":243,"date":"2024-11-23T15:33:43","date_gmt":"2024-11-23T14:33:43","guid":{"rendered":"https:\/\/bkrisa.hu\/blog\/?p=243"},"modified":"2024-11-24T15:58:15","modified_gmt":"2024-11-24T14:58:15","slug":"hogyan-arazzam-a-termekem-az-idealis-saas-arazas-alapjai","status":"publish","type":"post","link":"https:\/\/bkrisa.hu\/blog\/hogyan-arazzam-a-termekem-az-idealis-saas-arazas-alapjai\/","title":{"rendered":"Hogyan \u00e1razzam a term\u00e9kem? Az ide\u00e1lis SaaS \u00e1raz\u00e1s alapjai"},"content":{"rendered":"<p>Az \u00e1raz\u00e1s minden <a href=\"https:\/\/bkrisa.hu\/blog\/mi-az-a-saas\/\">SaaS<\/a> v\u00e1llalkoz\u00e1s egyik legkritikusabb d\u00f6nt\u00e9se, m\u00e9gis sokan rossz megk\u00f6zel\u00edt\u00e9ssel \u00e1llnak hozz\u00e1. <em>(Ahogy eddig \u00e9n is)<\/em><\/p>\n<p>Most olvastam <a href=\"https:\/\/www.tmaker.io\/what-is-the-ideal-pricing-for-a-saas\/?ref=bkrisa\" target=\"_blank\" rel=\"noopener\">Tibo &#8211; What is the ideal pricing for a SaaS<\/a> cikk\u00e9t. Ebb\u0151l inspir\u00e1l\u00f3dva \u00edrom ezt a cikket. Sokat tanultam bel\u0151le.<\/p>\n<h2>Az \u00e1raz\u00e1s k\u00f6r\u00fcli m\u00edtoszok<\/h2>\n<p>Az internet tele van k\u00fcl\u00f6nb\u00f6z\u0151 \u00e1raz\u00e1si &#8222;b\u00f6lcsess\u00e9gekkel&#8221;. Biztos tal\u00e1lkozt\u00e1l m\u00e1r olyan tan\u00e1csokkal, mint:<\/p>\n<ul>\n<li><em>&#8222;Mindig 9-esre v\u00e9gz\u0151dj\u00f6n az \u00e1r!&#8221;<\/em><\/li>\n<li><em>&#8222;Tartsd 10 doll\u00e1r alatt!&#8221;<\/em><\/li>\n<li><em>&#8222;Haszn\u00e1lj pszichol\u00f3giai \u00e1raz\u00e1st!&#8221;<\/em><\/li>\n<\/ul>\n<p>De vajon t\u00e9nyleg m\u0171k\u00f6dnek ezek a tr\u00fckk\u00f6k?<\/p>\n<p>A r\u00f6vid v\u00e1lasz: <strong>nem<\/strong><\/p>\n<p>Ezek a tippek figyelmen k\u00edv\u00fcl hagyj\u00e1k az \u00e1raz\u00e1s legfontosabb alapelv\u00e9t: <strong>dolgozz visszafel\u00e9 az \u00e1rt\u00f3l<\/strong>. Az \u00e1raz\u00e1snak nem v\u00e9letlenszer\u0171 sz\u00e1mokr\u00f3l vagy tr\u00fckk\u00f6kr\u0151l kell sz\u00f3lnia, hanem arr\u00f3l, hogy milyen \u00e9rt\u00e9ket ny\u00fajt a term\u00e9ked az \u00fcgyfeleidnek.<\/p>\n<h2>Kezdj az \u00e1rral: Mit \u00e9p\u00edtesz \u00e9s hogyan?<\/h2>\n<p>Sokan azt a hib\u00e1t k\u00f6vetik el, hogy el\u0151sz\u00f6r meg\u00e9p\u00edtik a term\u00e9ket, \u00e9s csak ut\u00e1na gondolkodnak az \u00e1raz\u00e1son.<\/p>\n<p>Pedig ennek pont ford\u00edtva kellene t\u00f6rt\u00e9nnie.<\/p>\n<p>Ha p\u00e9ld\u00e1ul azt tervezed, hogy $29 &#8211; $99 <em>(9.990 Ft &#8211; 39.990 Ft)<\/em> k\u00f6z\u00f6tti \u00e1ron fogod \u00e9rt\u00e9kes\u00edteni a term\u00e9ked, akkor ehhez kell igaz\u00edtanod a funkci\u00f3kat \u00e9s a megoldand\u00f3 probl\u00e9m\u00e1t is.<\/p>\n<p>Ez a megk\u00f6zel\u00edt\u00e9s seg\u00edt elker\u00fclni azt a csapd\u00e1t, amit sokan &#8222;Low-Price Trap&#8221;-nek neveznek.<\/p>\n<h2>Az alacsony \u00e1raz\u00e1s <em>&#8222;Low-Price Trap&#8221;<\/em> vesz\u00e9lyei<\/h2>\n<p>Kezd\u0151 v\u00e1llalkoz\u00f3k\u00e9nt cs\u00e1b\u00edt\u00f3 lehet az alacsony \u00e1raz\u00e1s ($4 &#8211; $9 \/ h\u00f3) mellett d\u00f6nteni. A logika persze egyszer\u0171: t\u00f6bb v\u00e1s\u00e1rl\u00f3t rem\u00e9l\u00fcnk, \u00e9s majd k\u00e9s\u0151bb \u00fagyis emelhetj\u00fck az \u00e1rat.<\/p>\n<p>De mi t\u00f6rt\u00e9nik val\u00f3j\u00e1ban?<\/p>\n<p><strong>Az alacsony \u00e1r gyakran az alacsony min\u0151s\u00e9g \u00e9rzet\u00e9t kelti.<\/strong> A potenci\u00e1lis \u00fcgyfelek kev\u00e9sb\u00e9 b\u00edznak a term\u00e9k \u00e9rt\u00e9k\u00e9ben, hiszen &#8222;ami olcs\u00f3, az nem lehet j\u00f3&#8221;. R\u00e1ad\u00e1sul az \u00e1remel\u00e9s k\u00e9s\u0151bb sokkal nehezebb lesz, mint gondoln\u00e1d.<\/p>\n<h2>A magasabb \u00e1r\u00fa \u00fcgyfelek nem az \u00e1r alapj\u00e1n d\u00f6ntenek<\/h2>\n<p>A pr\u00e9mium \u00fcgyfelek els\u0151sorban nem az \u00e1rat n\u00e9zik, hanem azt, hogy megoldja-e a term\u00e9k a probl\u00e9m\u00e1jukat. Tibo a kulcssz\u00f3kutat\u00f3 \u00e9s a h\u00edrlev\u00e9l k\u00fcld\u0151 szoftvereket hozza fel p\u00e9ld\u00e1nak, ahol az adatmin\u0151s\u00e9g \u00e9s az eredm\u00e9nyess\u00e9g mindenn\u00e9l fontosabb.<\/p>\n<p>Nem v\u00e9letlen\u00fcl ker\u00fcl $129-ba az <a href=\"https:\/\/ahrefs.com\/pricing\/?ref=bkrisa\" target=\"_blank\" rel=\"noopener\">Ahrefs<\/a> legkisebb csomagj\u00e1nak a havi el\u0151fizet\u00e9se.<\/p>\n<div id=\"attachment_257\" style=\"width: 1621px\" class=\"wp-caption alignnone\"><img loading=\"lazy\" decoding=\"async\" aria-describedby=\"caption-attachment-257\" class=\"size-full wp-image-257\" src=\"https:\/\/bkrisa.hu\/blog\/wp-content\/uploads\/2024\/11\/ahrefs-arai.webp\" alt=\"Ahrefs SEO szoftver csomagaj\u00e1nlatai\" width=\"1611\" height=\"737\" srcset=\"https:\/\/bkrisa.hu\/blog\/wp-content\/uploads\/2024\/11\/ahrefs-arai.webp 1611w, https:\/\/bkrisa.hu\/blog\/wp-content\/uploads\/2024\/11\/ahrefs-arai-300x137.webp 300w, https:\/\/bkrisa.hu\/blog\/wp-content\/uploads\/2024\/11\/ahrefs-arai-1024x468.webp 1024w, https:\/\/bkrisa.hu\/blog\/wp-content\/uploads\/2024\/11\/ahrefs-arai-768x351.webp 768w, https:\/\/bkrisa.hu\/blog\/wp-content\/uploads\/2024\/11\/ahrefs-arai-1536x703.webp 1536w, https:\/\/bkrisa.hu\/blog\/wp-content\/uploads\/2024\/11\/ahrefs-arai-150x69.webp 150w\" sizes=\"auto, (max-width: 1611px) 100vw, 1611px\" \/><p id=\"caption-attachment-257\" class=\"wp-caption-text\">Ahrefs SEO szoftver csomagaj\u00e1nlatai<\/p><\/div>\n<p>Vagy az <a href=\"https:\/\/www.activecampaign.com\/pricing\/?ref=bkrisa\" target=\"_blank\" rel=\"noopener\">ActiveCampaign<\/a>-nek $145 \/ h\u00f3ba.<\/p>\n<div id=\"attachment_258\" style=\"width: 1637px\" class=\"wp-caption alignnone\"><img loading=\"lazy\" decoding=\"async\" aria-describedby=\"caption-attachment-258\" class=\"size-full wp-image-258\" src=\"https:\/\/bkrisa.hu\/blog\/wp-content\/uploads\/2024\/11\/activecampaign-arai.webp\" alt=\"ActiveCampaign h\u00edrlev\u00e9l szoftver csomagaj\u00e1nlatai\" width=\"1627\" height=\"752\" srcset=\"https:\/\/bkrisa.hu\/blog\/wp-content\/uploads\/2024\/11\/activecampaign-arai.webp 1627w, https:\/\/bkrisa.hu\/blog\/wp-content\/uploads\/2024\/11\/activecampaign-arai-300x139.webp 300w, https:\/\/bkrisa.hu\/blog\/wp-content\/uploads\/2024\/11\/activecampaign-arai-1024x473.webp 1024w, https:\/\/bkrisa.hu\/blog\/wp-content\/uploads\/2024\/11\/activecampaign-arai-768x355.webp 768w, https:\/\/bkrisa.hu\/blog\/wp-content\/uploads\/2024\/11\/activecampaign-arai-1536x710.webp 1536w, https:\/\/bkrisa.hu\/blog\/wp-content\/uploads\/2024\/11\/activecampaign-arai-150x69.webp 150w\" sizes=\"auto, (max-width: 1627px) 100vw, 1627px\" \/><p id=\"caption-attachment-258\" class=\"wp-caption-text\">ActiveCampaign h\u00edrlev\u00e9l \u00e9s marketingautomatiz\u00e1l\u00e1si szoftver csomagaj\u00e1nlatai<\/p><\/div>\n<p>A tanuls\u00e1g: az <strong>alacsony \u00e1r soha nem kompenz\u00e1lja az alacsony \u00e9rt\u00e9ket!<\/strong><\/p>\n<h2>Az \u00e1raz\u00e1s \u00e9s az \u00fczleti n\u00f6veked\u00e9s kapcsolata<\/h2>\n<p>A magasabb \u00e1r nem csak t\u00f6bb bev\u00e9telt jelent. Megv\u00e1ltoztatja az eg\u00e9sz v\u00e1llalkoz\u00e1s m\u0171k\u00f6d\u00e9s\u00e9t:<\/p>\n<ul>\n<li>Lehet\u0151v\u00e9 teszi jobb funkci\u00f3k fejleszt\u00e9s\u00e9t<\/li>\n<li>Pr\u00e9mium \u00e9lm\u00e9nyt tudsz ny\u00fajtani az \u00fcgyfeleknek<\/li>\n<li>Az \u00fcgyfelek jobb eredm\u00e9nyeket \u00e9rnek el<\/li>\n<\/ul>\n<h2>Az igazi \u00e1raz\u00e1si keretrendszer<\/h2>\n<p>Ahelyett, hogy tr\u00fckk\u00f6k\u00f6n gondolkodn\u00e1l, tedd fel magadnak ezeket a k\u00e9rd\u00e9seket:<\/p>\n<ul>\n<li>Milyen konkr\u00e9t eredm\u00e9nyeket sz\u00e1ll\u00edtok az \u00fcgyfeleimnek?<\/li>\n<li>Kik azok, akiknek igaz\u00e1n sz\u00fcks\u00e9g\u00fck van ezekre az eredm\u00e9nyekre?<\/li>\n<li>Mennyit \u00e9rnek ezek az eredm\u00e9nyek sz\u00e1mukra?<\/li>\n<\/ul>\n<p>Az \u00e1raz\u00e1si elvek egyszer\u0171ek:<\/p>\n<ul>\n<li>Az eredm\u00e9nyekre, ne a funkci\u00f3kra \u00e1razz<\/li>\n<li>C\u00e9lzottan olyan embereket \u00e9rj el, akik \u00e9rt\u00e9kelik ezeket az eredm\u00e9nyeket<\/li>\n<li>Ne f\u00e9lj \u00e1rat emelni, ha val\u00f3di \u00e9rt\u00e9ket sz\u00e1ll\u00edtasz<\/li>\n<\/ul>\n<h2>\u00c1raz\u00e1si modellek SaaS term\u00e9kekhez<\/h2>\n<p>F\u0151bb modellek \u00e9s azok el\u0151nyei\/h\u00e1tr\u00e1nyai:<\/p>\n<ul>\n<li><strong>Havid\u00edj:<\/strong> egyszer\u0171, \u00e1tl\u00e1that\u00f3<\/li>\n<li><strong>Haszn\u00e1lat alap\u00fa:<\/strong> rugalmass\u00e1got ad, de bonyolultabb<\/li>\n<li><strong>Csomagos \u00e1raz\u00e1s:<\/strong> k\u00fcl\u00f6nb\u00f6z\u0151 szintek, amelyek m\u00e1s-m\u00e1s funkci\u00f3kat k\u00edn\u00e1lnak<\/li>\n<li><strong>Freemium modell:<\/strong> ingyenes alapfunkci\u00f3k, fizet\u0151s extr\u00e1k<\/li>\n<\/ul>\n<h2>Hogyan szabd meg az \u00e1radat?<\/h2>\n<p>V\u00e1laszolj a k\u00f6vetkez\u0151 k\u00e9rd\u00e9sekre!<\/p>\n<p><strong>K\u00f6lts\u00e9galap\u00fa megk\u00f6zel\u00edt\u00e9s:<\/strong><\/p>\n<ul>\n<li>Mekkora a term\u00e9k el\u0151\u00e1ll\u00edt\u00e1s\u00e1nak \u00e9s fenntart\u00e1s\u00e1nak k\u00f6lts\u00e9ge?<\/li>\n<li>Mi a minim\u00e1lis \u00e1r, amely fedezi a k\u00f6lts\u00e9geidet?<\/li>\n<\/ul>\n<p><strong>Piaci verseny elemz\u00e9se:<\/strong><\/p>\n<ul>\n<li>Mit k\u00e9rnek a versenyt\u00e1rsaid hasonl\u00f3 szolg\u00e1ltat\u00e1sok\u00e9rt?<\/li>\n<li>Hogyan pozicion\u00e1lhatod magad m\u00e1sk\u00e9nt?<\/li>\n<\/ul>\n<p><strong>A val\u00f3di \u00e9rt\u00e9k felismer\u00e9se:<\/strong><\/p>\n<ul>\n<li>Mekkora eredm\u00e9nnyel szolg\u00e1l a SaaS-od?<\/li>\n<li>Mennyire specifikus ter\u00fcleten vagy jelen?<\/li>\n<\/ul>\n<h2>Hib\u00e1k, amiket el kell ker\u00fclni<\/h2>\n<p>T\u00fal alacsony \u00e1rak \u2192 \u00fcgyfelek lebecs\u00fclik a term\u00e9ket<\/p>\n<p>T\u00fal sok csomag \u2192 d\u00f6nt\u00e9si paral\u00edzis<\/p>\n<p>\u00c1tl\u00e1thatatlan \u00e1raz\u00e1s \u2192 bizalomveszt\u00e9s<\/p>\n<h2>K\u00f6vetkeztet\u00e9s<\/h2>\n<p><strong>Ha senki sem panaszkodik az \u00e1rad miatt, akkor val\u00f3sz\u00edn\u0171leg t\u00fal alacsony.<\/strong><\/p>\n<p>Ne feledd: az \u00e1raz\u00e1s azon m\u00falik, hogy milyen probl\u00e9m\u00e1t oldasz meg az \u00fcgyfeleid sz\u00e1m\u00e1ra.<\/p>\n<p>Mostant\u00f3l kezdve ezeket a szempontokat figyelembev\u00e9ve fogom megszabni a SaaS \u00e1raimat. Ezt javaslom neked is!<\/p>\n<p><em>K\u00f6sz\u00f6n\u00f6m <a href=\"https:\/\/x.com\/tibo_maker\" target=\"_blank\" rel=\"noopener\">Tibo<\/a>-nak, hogy megosztotta a tud\u00e1s\u00e1t!<\/em><\/p>\n","protected":false},"excerpt":{"rendered":"<p>Az \u00e1raz\u00e1s minden SaaS v\u00e1llalkoz\u00e1s egyik legkritikusabb d\u00f6nt\u00e9se, m\u00e9gis sokan rossz megk\u00f6zel\u00edt\u00e9ssel \u00e1llnak hozz\u00e1. (Ahogy eddig&#8230;<\/p>\n","protected":false},"author":1,"featured_media":256,"comment_status":"open","ping_status":"open","sticky":false,"template":"","format":"standard","meta":{"footnotes":""},"categories":[8,10],"tags":[],"class_list":["post-243","post","type-post","status-publish","format-standard","has-post-thumbnail","hentry","category-saas-ertekesites","category-saas-inditas"],"yoast_head":"<!-- This site is optimized with the Yoast SEO plugin v27.5 - https:\/\/yoast.com\/product\/yoast-seo-wordpress\/ -->\n<title>Hogyan \u00e1razzam a term\u00e9kem? Az ide\u00e1lis SaaS \u00e1raz\u00e1s alapjai - Budai Krist\u00f3f<\/title>\n<meta name=\"robots\" content=\"index, follow, max-snippet:-1, max-image-preview:large, max-video-preview:-1\" \/>\n<link rel=\"canonical\" href=\"https:\/\/bkrisa.hu\/blog\/hogyan-arazzam-a-termekem-az-idealis-saas-arazas-alapjai\/\" \/>\n<meta property=\"og:locale\" content=\"hu_HU\" \/>\n<meta property=\"og:type\" content=\"article\" \/>\n<meta property=\"og:title\" content=\"Hogyan \u00e1razzam a term\u00e9kem? Az ide\u00e1lis SaaS \u00e1raz\u00e1s alapjai - Budai Krist\u00f3f\" \/>\n<meta property=\"og:description\" content=\"Az \u00e1raz\u00e1s minden SaaS v\u00e1llalkoz\u00e1s egyik legkritikusabb d\u00f6nt\u00e9se, m\u00e9gis sokan rossz megk\u00f6zel\u00edt\u00e9ssel \u00e1llnak hozz\u00e1. (Ahogy eddig...\" \/>\n<meta property=\"og:url\" content=\"https:\/\/bkrisa.hu\/blog\/hogyan-arazzam-a-termekem-az-idealis-saas-arazas-alapjai\/\" \/>\n<meta property=\"og:site_name\" content=\"Budai Krist\u00f3f\" \/>\n<meta property=\"article:published_time\" content=\"2024-11-23T14:33:43+00:00\" \/>\n<meta property=\"article:modified_time\" content=\"2024-11-24T14:58:15+00:00\" \/>\n<meta property=\"og:image\" content=\"https:\/\/bkrisa.hu\/blog\/wp-content\/uploads\/2024\/11\/hogyan-arazzam-a-termekem-az-idealis-saas-arazas-alapjai.webp\" \/>\n\t<meta property=\"og:image:width\" content=\"1200\" \/>\n\t<meta property=\"og:image:height\" content=\"630\" \/>\n\t<meta property=\"og:image:type\" content=\"image\/webp\" \/>\n<meta name=\"author\" content=\"Budai Krist\u00f3f\" \/>\n<meta name=\"twitter:card\" content=\"summary_large_image\" \/>\n<meta name=\"twitter:creator\" content=\"@https:\/\/x.com\/bkrisa12\" \/>\n<meta name=\"twitter:label1\" content=\"Szerz\u0151:\" \/>\n\t<meta name=\"twitter:data1\" content=\"Budai Krist\u00f3f\" \/>\n\t<meta name=\"twitter:label2\" content=\"Becs\u00fclt olvas\u00e1si id\u0151\" \/>\n\t<meta name=\"twitter:data2\" content=\"4 perc\" \/>\n<script type=\"application\/ld+json\" class=\"yoast-schema-graph\">{\"@context\":\"https:\\\/\\\/schema.org\",\"@graph\":[{\"@type\":\"Article\",\"@id\":\"https:\\\/\\\/bkrisa.hu\\\/blog\\\/hogyan-arazzam-a-termekem-az-idealis-saas-arazas-alapjai\\\/#article\",\"isPartOf\":{\"@id\":\"https:\\\/\\\/bkrisa.hu\\\/blog\\\/hogyan-arazzam-a-termekem-az-idealis-saas-arazas-alapjai\\\/\"},\"author\":{\"name\":\"Budai Krist\u00f3f\",\"@id\":\"https:\\\/\\\/bkrisa.hu\\\/blog\\\/#\\\/schema\\\/person\\\/f3e2639577504187b3620a5513bf8e23\"},\"headline\":\"Hogyan \u00e1razzam a term\u00e9kem? Az ide\u00e1lis SaaS \u00e1raz\u00e1s alapjai\",\"datePublished\":\"2024-11-23T14:33:43+00:00\",\"dateModified\":\"2024-11-24T14:58:15+00:00\",\"mainEntityOfPage\":{\"@id\":\"https:\\\/\\\/bkrisa.hu\\\/blog\\\/hogyan-arazzam-a-termekem-az-idealis-saas-arazas-alapjai\\\/\"},\"wordCount\":911,\"commentCount\":0,\"image\":{\"@id\":\"https:\\\/\\\/bkrisa.hu\\\/blog\\\/hogyan-arazzam-a-termekem-az-idealis-saas-arazas-alapjai\\\/#primaryimage\"},\"thumbnailUrl\":\"https:\\\/\\\/bkrisa.hu\\\/blog\\\/wp-content\\\/uploads\\\/2024\\\/11\\\/hogyan-arazzam-a-termekem-az-idealis-saas-arazas-alapjai.webp\",\"articleSection\":[\"SaaS \u00e9rt\u00e9kes\u00edt\u00e9s\",\"SaaS ind\u00edt\u00e1s\"],\"inLanguage\":\"hu\",\"potentialAction\":[{\"@type\":\"CommentAction\",\"name\":\"Comment\",\"target\":[\"https:\\\/\\\/bkrisa.hu\\\/blog\\\/hogyan-arazzam-a-termekem-az-idealis-saas-arazas-alapjai\\\/#respond\"]}]},{\"@type\":\"WebPage\",\"@id\":\"https:\\\/\\\/bkrisa.hu\\\/blog\\\/hogyan-arazzam-a-termekem-az-idealis-saas-arazas-alapjai\\\/\",\"url\":\"https:\\\/\\\/bkrisa.hu\\\/blog\\\/hogyan-arazzam-a-termekem-az-idealis-saas-arazas-alapjai\\\/\",\"name\":\"Hogyan \u00e1razzam a term\u00e9kem? Az ide\u00e1lis SaaS \u00e1raz\u00e1s alapjai - Budai Krist\u00f3f\",\"isPartOf\":{\"@id\":\"https:\\\/\\\/bkrisa.hu\\\/blog\\\/#website\"},\"primaryImageOfPage\":{\"@id\":\"https:\\\/\\\/bkrisa.hu\\\/blog\\\/hogyan-arazzam-a-termekem-az-idealis-saas-arazas-alapjai\\\/#primaryimage\"},\"image\":{\"@id\":\"https:\\\/\\\/bkrisa.hu\\\/blog\\\/hogyan-arazzam-a-termekem-az-idealis-saas-arazas-alapjai\\\/#primaryimage\"},\"thumbnailUrl\":\"https:\\\/\\\/bkrisa.hu\\\/blog\\\/wp-content\\\/uploads\\\/2024\\\/11\\\/hogyan-arazzam-a-termekem-az-idealis-saas-arazas-alapjai.webp\",\"datePublished\":\"2024-11-23T14:33:43+00:00\",\"dateModified\":\"2024-11-24T14:58:15+00:00\",\"author\":{\"@id\":\"https:\\\/\\\/bkrisa.hu\\\/blog\\\/#\\\/schema\\\/person\\\/f3e2639577504187b3620a5513bf8e23\"},\"breadcrumb\":{\"@id\":\"https:\\\/\\\/bkrisa.hu\\\/blog\\\/hogyan-arazzam-a-termekem-az-idealis-saas-arazas-alapjai\\\/#breadcrumb\"},\"inLanguage\":\"hu\",\"potentialAction\":[{\"@type\":\"ReadAction\",\"target\":[\"https:\\\/\\\/bkrisa.hu\\\/blog\\\/hogyan-arazzam-a-termekem-az-idealis-saas-arazas-alapjai\\\/\"]}]},{\"@type\":\"ImageObject\",\"inLanguage\":\"hu\",\"@id\":\"https:\\\/\\\/bkrisa.hu\\\/blog\\\/hogyan-arazzam-a-termekem-az-idealis-saas-arazas-alapjai\\\/#primaryimage\",\"url\":\"https:\\\/\\\/bkrisa.hu\\\/blog\\\/wp-content\\\/uploads\\\/2024\\\/11\\\/hogyan-arazzam-a-termekem-az-idealis-saas-arazas-alapjai.webp\",\"contentUrl\":\"https:\\\/\\\/bkrisa.hu\\\/blog\\\/wp-content\\\/uploads\\\/2024\\\/11\\\/hogyan-arazzam-a-termekem-az-idealis-saas-arazas-alapjai.webp\",\"width\":1200,\"height\":630,\"caption\":\"Hogyan \u00e1razzam a term\u00e9kem? Az ide\u00e1lis SaaS \u00e1raz\u00e1s alapjai\"},{\"@type\":\"BreadcrumbList\",\"@id\":\"https:\\\/\\\/bkrisa.hu\\\/blog\\\/hogyan-arazzam-a-termekem-az-idealis-saas-arazas-alapjai\\\/#breadcrumb\",\"itemListElement\":[{\"@type\":\"ListItem\",\"position\":1,\"name\":\"Blog\",\"item\":\"https:\\\/\\\/bkrisa.hu\\\/blog\\\/\"},{\"@type\":\"ListItem\",\"position\":2,\"name\":\"SaaS\",\"item\":\"https:\\\/\\\/bkrisa.hu\\\/blog\\\/kategoria\\\/saas\\\/\"},{\"@type\":\"ListItem\",\"position\":3,\"name\":\"SaaS \u00e9rt\u00e9kes\u00edt\u00e9s\",\"item\":\"https:\\\/\\\/bkrisa.hu\\\/blog\\\/kategoria\\\/saas\\\/saas-ertekesites\\\/\"},{\"@type\":\"ListItem\",\"position\":4,\"name\":\"Hogyan \u00e1razzam a term\u00e9kem? Az ide\u00e1lis SaaS \u00e1raz\u00e1s alapjai\"}]},{\"@type\":\"WebSite\",\"@id\":\"https:\\\/\\\/bkrisa.hu\\\/blog\\\/#website\",\"url\":\"https:\\\/\\\/bkrisa.hu\\\/blog\\\/\",\"name\":\"Budai Krist\u00f3f\",\"description\":\"blog\",\"potentialAction\":[{\"@type\":\"SearchAction\",\"target\":{\"@type\":\"EntryPoint\",\"urlTemplate\":\"https:\\\/\\\/bkrisa.hu\\\/blog\\\/?s={search_term_string}\"},\"query-input\":{\"@type\":\"PropertyValueSpecification\",\"valueRequired\":true,\"valueName\":\"search_term_string\"}}],\"inLanguage\":\"hu\"},{\"@type\":\"Person\",\"@id\":\"https:\\\/\\\/bkrisa.hu\\\/blog\\\/#\\\/schema\\\/person\\\/f3e2639577504187b3620a5513bf8e23\",\"name\":\"Budai Krist\u00f3f\",\"image\":{\"@type\":\"ImageObject\",\"inLanguage\":\"hu\",\"@id\":\"https:\\\/\\\/secure.gravatar.com\\\/avatar\\\/2dd9b058294ef99c0c193bb221fb2b4ea488fb410a5cd479c740efd036bac0d9?s=96&d=mm&r=g\",\"url\":\"https:\\\/\\\/secure.gravatar.com\\\/avatar\\\/2dd9b058294ef99c0c193bb221fb2b4ea488fb410a5cd479c740efd036bac0d9?s=96&d=mm&r=g\",\"contentUrl\":\"https:\\\/\\\/secure.gravatar.com\\\/avatar\\\/2dd9b058294ef99c0c193bb221fb2b4ea488fb410a5cd479c740efd036bac0d9?s=96&d=mm&r=g\",\"caption\":\"Budai Krist\u00f3f\"},\"sameAs\":[\"https:\\\/\\\/bkrisa.hu\\\/\",\"https:\\\/\\\/www.instagram.com\\\/b.krisa\\\/\",\"https:\\\/\\\/x.com\\\/https:\\\/\\\/x.com\\\/bkrisa12\"],\"url\":\"https:\\\/\\\/bkrisa.hu\\\/blog\\\/author\\\/blog-bkrisa24\\\/\"}]}<\/script>\n<!-- \/ Yoast SEO plugin. -->","yoast_head_json":{"title":"Hogyan \u00e1razzam a term\u00e9kem? Az ide\u00e1lis SaaS \u00e1raz\u00e1s alapjai - Budai Krist\u00f3f","robots":{"index":"index","follow":"follow","max-snippet":"max-snippet:-1","max-image-preview":"max-image-preview:large","max-video-preview":"max-video-preview:-1"},"canonical":"https:\/\/bkrisa.hu\/blog\/hogyan-arazzam-a-termekem-az-idealis-saas-arazas-alapjai\/","og_locale":"hu_HU","og_type":"article","og_title":"Hogyan \u00e1razzam a term\u00e9kem? Az ide\u00e1lis SaaS \u00e1raz\u00e1s alapjai - Budai Krist\u00f3f","og_description":"Az \u00e1raz\u00e1s minden SaaS v\u00e1llalkoz\u00e1s egyik legkritikusabb d\u00f6nt\u00e9se, m\u00e9gis sokan rossz megk\u00f6zel\u00edt\u00e9ssel \u00e1llnak hozz\u00e1. (Ahogy eddig...","og_url":"https:\/\/bkrisa.hu\/blog\/hogyan-arazzam-a-termekem-az-idealis-saas-arazas-alapjai\/","og_site_name":"Budai Krist\u00f3f","article_published_time":"2024-11-23T14:33:43+00:00","article_modified_time":"2024-11-24T14:58:15+00:00","og_image":[{"width":1200,"height":630,"url":"https:\/\/bkrisa.hu\/blog\/wp-content\/uploads\/2024\/11\/hogyan-arazzam-a-termekem-az-idealis-saas-arazas-alapjai.webp","type":"image\/webp"}],"author":"Budai Krist\u00f3f","twitter_card":"summary_large_image","twitter_creator":"@https:\/\/x.com\/bkrisa12","twitter_misc":{"Szerz\u0151:":"Budai Krist\u00f3f","Becs\u00fclt olvas\u00e1si id\u0151":"4 perc"},"schema":{"@context":"https:\/\/schema.org","@graph":[{"@type":"Article","@id":"https:\/\/bkrisa.hu\/blog\/hogyan-arazzam-a-termekem-az-idealis-saas-arazas-alapjai\/#article","isPartOf":{"@id":"https:\/\/bkrisa.hu\/blog\/hogyan-arazzam-a-termekem-az-idealis-saas-arazas-alapjai\/"},"author":{"name":"Budai Krist\u00f3f","@id":"https:\/\/bkrisa.hu\/blog\/#\/schema\/person\/f3e2639577504187b3620a5513bf8e23"},"headline":"Hogyan \u00e1razzam a term\u00e9kem? Az ide\u00e1lis SaaS \u00e1raz\u00e1s alapjai","datePublished":"2024-11-23T14:33:43+00:00","dateModified":"2024-11-24T14:58:15+00:00","mainEntityOfPage":{"@id":"https:\/\/bkrisa.hu\/blog\/hogyan-arazzam-a-termekem-az-idealis-saas-arazas-alapjai\/"},"wordCount":911,"commentCount":0,"image":{"@id":"https:\/\/bkrisa.hu\/blog\/hogyan-arazzam-a-termekem-az-idealis-saas-arazas-alapjai\/#primaryimage"},"thumbnailUrl":"https:\/\/bkrisa.hu\/blog\/wp-content\/uploads\/2024\/11\/hogyan-arazzam-a-termekem-az-idealis-saas-arazas-alapjai.webp","articleSection":["SaaS \u00e9rt\u00e9kes\u00edt\u00e9s","SaaS ind\u00edt\u00e1s"],"inLanguage":"hu","potentialAction":[{"@type":"CommentAction","name":"Comment","target":["https:\/\/bkrisa.hu\/blog\/hogyan-arazzam-a-termekem-az-idealis-saas-arazas-alapjai\/#respond"]}]},{"@type":"WebPage","@id":"https:\/\/bkrisa.hu\/blog\/hogyan-arazzam-a-termekem-az-idealis-saas-arazas-alapjai\/","url":"https:\/\/bkrisa.hu\/blog\/hogyan-arazzam-a-termekem-az-idealis-saas-arazas-alapjai\/","name":"Hogyan \u00e1razzam a term\u00e9kem? Az ide\u00e1lis SaaS \u00e1raz\u00e1s alapjai - Budai Krist\u00f3f","isPartOf":{"@id":"https:\/\/bkrisa.hu\/blog\/#website"},"primaryImageOfPage":{"@id":"https:\/\/bkrisa.hu\/blog\/hogyan-arazzam-a-termekem-az-idealis-saas-arazas-alapjai\/#primaryimage"},"image":{"@id":"https:\/\/bkrisa.hu\/blog\/hogyan-arazzam-a-termekem-az-idealis-saas-arazas-alapjai\/#primaryimage"},"thumbnailUrl":"https:\/\/bkrisa.hu\/blog\/wp-content\/uploads\/2024\/11\/hogyan-arazzam-a-termekem-az-idealis-saas-arazas-alapjai.webp","datePublished":"2024-11-23T14:33:43+00:00","dateModified":"2024-11-24T14:58:15+00:00","author":{"@id":"https:\/\/bkrisa.hu\/blog\/#\/schema\/person\/f3e2639577504187b3620a5513bf8e23"},"breadcrumb":{"@id":"https:\/\/bkrisa.hu\/blog\/hogyan-arazzam-a-termekem-az-idealis-saas-arazas-alapjai\/#breadcrumb"},"inLanguage":"hu","potentialAction":[{"@type":"ReadAction","target":["https:\/\/bkrisa.hu\/blog\/hogyan-arazzam-a-termekem-az-idealis-saas-arazas-alapjai\/"]}]},{"@type":"ImageObject","inLanguage":"hu","@id":"https:\/\/bkrisa.hu\/blog\/hogyan-arazzam-a-termekem-az-idealis-saas-arazas-alapjai\/#primaryimage","url":"https:\/\/bkrisa.hu\/blog\/wp-content\/uploads\/2024\/11\/hogyan-arazzam-a-termekem-az-idealis-saas-arazas-alapjai.webp","contentUrl":"https:\/\/bkrisa.hu\/blog\/wp-content\/uploads\/2024\/11\/hogyan-arazzam-a-termekem-az-idealis-saas-arazas-alapjai.webp","width":1200,"height":630,"caption":"Hogyan \u00e1razzam a term\u00e9kem? Az ide\u00e1lis SaaS \u00e1raz\u00e1s alapjai"},{"@type":"BreadcrumbList","@id":"https:\/\/bkrisa.hu\/blog\/hogyan-arazzam-a-termekem-az-idealis-saas-arazas-alapjai\/#breadcrumb","itemListElement":[{"@type":"ListItem","position":1,"name":"Blog","item":"https:\/\/bkrisa.hu\/blog\/"},{"@type":"ListItem","position":2,"name":"SaaS","item":"https:\/\/bkrisa.hu\/blog\/kategoria\/saas\/"},{"@type":"ListItem","position":3,"name":"SaaS \u00e9rt\u00e9kes\u00edt\u00e9s","item":"https:\/\/bkrisa.hu\/blog\/kategoria\/saas\/saas-ertekesites\/"},{"@type":"ListItem","position":4,"name":"Hogyan \u00e1razzam a term\u00e9kem? Az ide\u00e1lis SaaS \u00e1raz\u00e1s alapjai"}]},{"@type":"WebSite","@id":"https:\/\/bkrisa.hu\/blog\/#website","url":"https:\/\/bkrisa.hu\/blog\/","name":"Budai Krist\u00f3f","description":"blog","potentialAction":[{"@type":"SearchAction","target":{"@type":"EntryPoint","urlTemplate":"https:\/\/bkrisa.hu\/blog\/?s={search_term_string}"},"query-input":{"@type":"PropertyValueSpecification","valueRequired":true,"valueName":"search_term_string"}}],"inLanguage":"hu"},{"@type":"Person","@id":"https:\/\/bkrisa.hu\/blog\/#\/schema\/person\/f3e2639577504187b3620a5513bf8e23","name":"Budai Krist\u00f3f","image":{"@type":"ImageObject","inLanguage":"hu","@id":"https:\/\/secure.gravatar.com\/avatar\/2dd9b058294ef99c0c193bb221fb2b4ea488fb410a5cd479c740efd036bac0d9?s=96&d=mm&r=g","url":"https:\/\/secure.gravatar.com\/avatar\/2dd9b058294ef99c0c193bb221fb2b4ea488fb410a5cd479c740efd036bac0d9?s=96&d=mm&r=g","contentUrl":"https:\/\/secure.gravatar.com\/avatar\/2dd9b058294ef99c0c193bb221fb2b4ea488fb410a5cd479c740efd036bac0d9?s=96&d=mm&r=g","caption":"Budai Krist\u00f3f"},"sameAs":["https:\/\/bkrisa.hu\/","https:\/\/www.instagram.com\/b.krisa\/","https:\/\/x.com\/https:\/\/x.com\/bkrisa12"],"url":"https:\/\/bkrisa.hu\/blog\/author\/blog-bkrisa24\/"}]}},"_links":{"self":[{"href":"https:\/\/bkrisa.hu\/blog\/wp-json\/wp\/v2\/posts\/243","targetHints":{"allow":["GET"]}}],"collection":[{"href":"https:\/\/bkrisa.hu\/blog\/wp-json\/wp\/v2\/posts"}],"about":[{"href":"https:\/\/bkrisa.hu\/blog\/wp-json\/wp\/v2\/types\/post"}],"author":[{"embeddable":true,"href":"https:\/\/bkrisa.hu\/blog\/wp-json\/wp\/v2\/users\/1"}],"replies":[{"embeddable":true,"href":"https:\/\/bkrisa.hu\/blog\/wp-json\/wp\/v2\/comments?post=243"}],"version-history":[{"count":0,"href":"https:\/\/bkrisa.hu\/blog\/wp-json\/wp\/v2\/posts\/243\/revisions"}],"wp:featuredmedia":[{"embeddable":true,"href":"https:\/\/bkrisa.hu\/blog\/wp-json\/wp\/v2\/media\/256"}],"wp:attachment":[{"href":"https:\/\/bkrisa.hu\/blog\/wp-json\/wp\/v2\/media?parent=243"}],"wp:term":[{"taxonomy":"category","embeddable":true,"href":"https:\/\/bkrisa.hu\/blog\/wp-json\/wp\/v2\/categories?post=243"},{"taxonomy":"post_tag","embeddable":true,"href":"https:\/\/bkrisa.hu\/blog\/wp-json\/wp\/v2\/tags?post=243"}],"curies":[{"name":"wp","href":"https:\/\/api.w.org\/{rel}","templated":true}]}}